{"id":100,"date":"2019-07-10T07:40:00","date_gmt":"2019-07-10T07:40:00","guid":{"rendered":"http:\/\/montreal-interior-design.com\/le-noir-sur-les-murs-vraiment\/"},"modified":"2019-12-23T12:33:27","modified_gmt":"2019-12-23T12:33:27","slug":"mur-noir-peinture-noir","status":"publish","type":"post","link":"https:\/\/versastyledesign.ca\/fr\/mur-noir-peinture-noir\/","title":{"rendered":"D\u00e9corer avec du noir"},"content":{"rendered":"\n<div class=\"wp-block-columns is-layout-flex wp-container-core-columns-is-layout-9d6595d7 wp-block-columns-is-layout-flex\">\n<div class=\"wp-block-column is-layout-flow wp-block-column-is-layout-flow\">\n<div class=\"wp-block-image\"><figure class=\"aligncenter size-large is-resized\"><img loading=\"lazy\" decoding=\"async\" src=\"https:\/\/versastyledesign.ca\/wp-content\/uploads\/2019\/11\/Decorer-avec-du-noire-03-682x1024.jpg\" alt=\"D\u00e9corer avec du noir\" class=\"wp-image-14045\" width=\"341\" height=\"512\" srcset=\"https:\/\/versastyledesign.ca\/wp-content\/uploads\/2019\/11\/Decorer-avec-du-noire-03-682x1024.jpg 682w, https:\/\/versastyledesign.ca\/wp-content\/uploads\/2019\/11\/Decorer-avec-du-noire-03-200x300.jpg 200w, https:\/\/versastyledesign.ca\/wp-content\/uploads\/2019\/11\/Decorer-avec-du-noire-03-768x1153.jpg 768w, https:\/\/versastyledesign.ca\/wp-content\/uploads\/2019\/11\/Decorer-avec-du-noire-03.jpg 850w\" sizes=\"auto, (max-width: 341px) 100vw, 341px\" \/><\/figure><\/div>\n<\/div>\n\n\n\n<div class=\"wp-block-column is-layout-flow wp-block-column-is-layout-flow\">\n<p>Bien utilis\u00e9e et bien associ\u00e9e, cette couleur aux subtiles et nombreuses nuances sait \u00eatre \u00e0 la fois \u00e9l\u00e9gante, gaie, lumineuse, graphique et chic.<\/p>\n\n\n\n<p>Aujourd\u2019hui, peindre l\u2019un de ses murs en noir c\u2019est tendance. La couleur s\u2019adapte parfaitement \u00e0 toutes les pi\u00e8ces de la maison ainsi qu\u2019aux murs ext\u00e9rieurs, on ose m\u00eame la placer dans la chambre des enfants. Associ\u00e9e au blanc, son utilisation est courante dans les int\u00e9rieurs scandinaves. Lorsqu\u2019elle est plac\u00e9e sur certains \u00e9l\u00e9ments architecturaux : escalier, chemin\u00e9e, poutres, boiseries\u2026 elle les souligne avec \u00e9l\u00e9gance.<\/p>\n\n\n\n<p><em>Tissus Clarke &amp; Clarke disponible \u00e0 escompte avec Versa style Design<\/em><\/p>\n<\/div>\n<\/div>\n\n\n\n<div style=\"height:50px\" aria-hidden=\"true\" class=\"wp-block-spacer\"><\/div>\n\n\n\n<div class=\"wp-block-columns is-layout-flex wp-container-core-columns-is-layout-9d6595d7 wp-block-columns-is-layout-flex\">\n<div class=\"wp-block-column is-layout-flow wp-block-column-is-layout-flow\">\n<p> Avec le noir, tout est possible, que vous osiez en mettre beaucoup ou que vous optiez pour une petite touche d\u2019accent. Dans la salle de bain, par exemple, on peut choisir de la robinetterie noir, un carrelage et \u00e9galement des sanitaires noirs, une vanit\u00e9 noir ou on peut tout simplement ajouter un dosseret noir et blanc. Aujourd\u2019hui, on peint son sol, une mansarde, sa porte d\u2019entr\u00e9e, ses \u00e9l\u00e9ments de cuisine en noir\u2026 <\/p>\n<\/div>\n\n\n\n<div class=\"wp-block-column is-layout-flow wp-block-column-is-layout-flow\">\n<figure class=\"wp-block-image size-large\"><img loading=\"lazy\" decoding=\"async\" width=\"850\" height=\"632\" src=\"https:\/\/versastyledesign.ca\/wp-content\/uploads\/2019\/11\/Decorer-avec-du-noire-05.jpg\" alt=\"\" class=\"wp-image-14047\" srcset=\"https:\/\/versastyledesign.ca\/wp-content\/uploads\/2019\/11\/Decorer-avec-du-noire-05.jpg 850w, https:\/\/versastyledesign.ca\/wp-content\/uploads\/2019\/11\/Decorer-avec-du-noire-05-300x223.jpg 300w, https:\/\/versastyledesign.ca\/wp-content\/uploads\/2019\/11\/Decorer-avec-du-noire-05-768x571.jpg 768w\" sizes=\"auto, (max-width: 850px) 100vw, 850px\" \/><\/figure>\n<\/div>\n<\/div>\n\n\n\n<div style=\"height:50px\" aria-hidden=\"true\" class=\"wp-block-spacer\"><\/div>\n\n\n\n<div class=\"wp-block-columns is-layout-flex wp-container-core-columns-is-layout-9d6595d7 wp-block-columns-is-layout-flex\">\n<div class=\"wp-block-column is-layout-flow wp-block-column-is-layout-flow\">\n<div class=\"wp-block-image\"><figure class=\"aligncenter size-medium\"><img loading=\"lazy\" decoding=\"async\" width=\"205\" height=\"300\" src=\"https:\/\/versastyledesign.ca\/wp-content\/uploads\/2019\/11\/Decorer-avec-du-noire-10-205x300.jpg\" alt=\"\" class=\"wp-image-14049\" srcset=\"https:\/\/versastyledesign.ca\/wp-content\/uploads\/2019\/11\/Decorer-avec-du-noire-10-205x300.jpg 205w, https:\/\/versastyledesign.ca\/wp-content\/uploads\/2019\/11\/Decorer-avec-du-noire-10-700x1024.jpg 700w, https:\/\/versastyledesign.ca\/wp-content\/uploads\/2019\/11\/Decorer-avec-du-noire-10-768x1124.jpg 768w, https:\/\/versastyledesign.ca\/wp-content\/uploads\/2019\/11\/Decorer-avec-du-noire-10.jpg 850w\" sizes=\"auto, (max-width: 205px) 100vw, 205px\" \/><\/figure><\/div>\n<\/div>\n\n\n\n<div class=\"wp-block-column is-layout-flow wp-block-column-is-layout-flow\">\n<p> Le noir ne s\u2019arr\u00eate pas l\u00e0, il investit aussi les meubles, les luminaires et \u00e9galement le linge de maison, on trouve de jolies housses, des rideaux, des nappes, des carpettes noires et des toiles, comme celle-ci disponible chez Versa Style Design. Alors pourquoi on aime le noir ? Parce que c\u2019est une teinte neutre qui s\u2019assortit parfaitement \u00e0 toutes les autres couleurs.<\/p>\n\n\n\n<p>Voici des id\u00e9es d\u00e9co pour int\u00e9grer le noir dans votre demeure. <\/p>\n<\/div>\n<\/div>\n\n\n\n<div style=\"height:50px\" aria-hidden=\"true\" class=\"wp-block-spacer\"><\/div>\n\n\n\n<h2 class=\"wp-block-heading\">Peindre le plafond en noir pour une d\u00e9co originale <\/h2>\n\n\n\n<div class=\"wp-block-columns is-layout-flex wp-container-core-columns-is-layout-9d6595d7 wp-block-columns-is-layout-flex\">\n<div class=\"wp-block-column is-layout-flow wp-block-column-is-layout-flow\">\n<p>Si tous les plafonds sont blancs ou cr\u00e8me, il y a une raison. En effet, le blanc agrandit l&rsquo;espace et diffuse la lumi\u00e8re, il donne une impression de hauteur \u00e0 la pi\u00e8ce. C&rsquo;est l&rsquo;une des astuces d\u00e9co les plus connues. Si le blanc est une teinte amie, cela ne signifie pas que le noir soit un ennemi. <\/p>\n\n\n\n<p>Peindre un plafond en noir est \u00e0 la fois audacieux et tr\u00e8s chic, \u00e0 condition que la hauteur sous plafond soit suffisamment importante. Et pour \u00e9viter l&rsquo;effet d&rsquo;\u00e9touffement ou de rabaissement, on choisit une peinture satin\u00e9e, dans une pi\u00e8ce baign\u00e9e de lumi\u00e8re naturelle. Une brillance qui refl\u00e9tera les murs blancs environnants.<\/p>\n<\/div>\n\n\n\n<div class=\"wp-block-column is-layout-flow wp-block-column-is-layout-flow\">\n<figure class=\"wp-block-image size-large is-resized\"><img loading=\"lazy\" decoding=\"async\" src=\"https:\/\/versastyledesign.ca\/wp-content\/uploads\/2019\/11\/Decorer-avec-du-noire-07-769x1024.jpg\" alt=\"\" class=\"wp-image-14051\" width=\"385\" height=\"512\" srcset=\"https:\/\/versastyledesign.ca\/wp-content\/uploads\/2019\/11\/Decorer-avec-du-noire-07-769x1024.jpg 769w, https:\/\/versastyledesign.ca\/wp-content\/uploads\/2019\/11\/Decorer-avec-du-noire-07-225x300.jpg 225w, https:\/\/versastyledesign.ca\/wp-content\/uploads\/2019\/11\/Decorer-avec-du-noire-07-768x1023.jpg 768w, https:\/\/versastyledesign.ca\/wp-content\/uploads\/2019\/11\/Decorer-avec-du-noire-07.jpg 850w\" sizes=\"auto, (max-width: 385px) 100vw, 385px\" \/><\/figure>\n<\/div>\n<\/div>\n\n\n\n<div style=\"height:50px\" aria-hidden=\"true\" class=\"wp-block-spacer\"><\/div>\n\n\n\n<h2 class=\"wp-block-heading\">Appliquer du noir pour mettre en relief les textures <\/h2>\n\n\n\n<div class=\"wp-block-columns is-layout-flex wp-container-core-columns-is-layout-9d6595d7 wp-block-columns-is-layout-flex\">\n<div class=\"wp-block-column is-layout-flow wp-block-column-is-layout-flow\">\n<figure class=\"wp-block-image size-large is-resized\"><img loading=\"lazy\" decoding=\"async\" src=\"https:\/\/versastyledesign.ca\/wp-content\/uploads\/2019\/11\/Decorer-avec-du-noire-04-824x1024.jpg\" alt=\"\" class=\"wp-image-14053\" width=\"412\" height=\"512\" srcset=\"https:\/\/versastyledesign.ca\/wp-content\/uploads\/2019\/11\/Decorer-avec-du-noire-04-824x1024.jpg 824w, https:\/\/versastyledesign.ca\/wp-content\/uploads\/2019\/11\/Decorer-avec-du-noire-04-241x300.jpg 241w, https:\/\/versastyledesign.ca\/wp-content\/uploads\/2019\/11\/Decorer-avec-du-noire-04-768x954.jpg 768w, https:\/\/versastyledesign.ca\/wp-content\/uploads\/2019\/11\/Decorer-avec-du-noire-04.jpg 850w\" sizes=\"auto, (max-width: 412px) 100vw, 412px\" \/><\/figure>\n<\/div>\n\n\n\n<div class=\"wp-block-column is-layout-flow wp-block-column-is-layout-flow\">\n<p>Vous d\u00e9sirez du noir, mais avec de la gueule? Combinez-le avec des textures et motifs g\u00e9om\u00e9triques et d\u00e9coupez le tout avec du blanc. M\u00eame les petits espaces peuvent avoir de la personnalit\u00e9 et du style. <\/p>\n\n\n\n<p>Vous remarquerez que m\u00eame les portes et le sol noirs ont \u00e9t\u00e9 peints, mais avec deux finis diff\u00e9rents. Les portes sont peintes dans un fini lustr\u00e9 et le sol et le mur dans un fini mat.<\/p>\n\n\n\n<p>Le vert des plantes est quasiment fluorescent avec le noir autour. Le noir et le vert sont une parfaite combinaison pour l\u2019int\u00e9rieur aussi!<\/p>\n<\/div>\n<\/div>\n\n\n\n<div style=\"height:50px\" aria-hidden=\"true\" class=\"wp-block-spacer\"><\/div>\n\n\n\n<h2 class=\"wp-block-heading\">Revisiter le style scandinave avec du noir dans la cuisine<\/h2>\n\n\n\n<div class=\"wp-block-columns is-layout-flex wp-container-core-columns-is-layout-9d6595d7 wp-block-columns-is-layout-flex\">\n<div class=\"wp-block-column is-layout-flow wp-block-column-is-layout-flow\">\n<p>Les cuisines noires sont ultra tendance. En mat ou brillant, tout est permis. Le noir fonctionne tr\u00e8s bien dans les petits espaces car il cr\u00e9e une sensation d&rsquo;intimit\u00e9. On dynamise cette cuisine en l&rsquo;associant \u00e0 des bois blonds, un parquet blanchi et des carreaux en noir et blanc graphiques. C&rsquo;est une fa\u00e7on originale de renouveler le style scandinave : soit des couleurs neutres, du bois et des lignes g\u00e9om\u00e9triques. \u00c9vitez cependant de surcharger la d\u00e9coration ou d&rsquo;ajouter trop de meubles. Trop d&rsquo;informations \u00e0 enregistrer pour l&rsquo;\u0153il rapetissent l&rsquo;espace et \u00e9touffent : restez simple. <\/p>\n<\/div>\n\n\n\n<div class=\"wp-block-column is-layout-flow wp-block-column-is-layout-flow\">\n<figure class=\"wp-block-image size-large is-resized\"><img loading=\"lazy\" decoding=\"async\" src=\"https:\/\/versastyledesign.ca\/wp-content\/uploads\/2019\/11\/Decorer-avec-du-noire-06.jpg\" alt=\"\" class=\"wp-image-14055\" width=\"638\" height=\"646\" srcset=\"https:\/\/versastyledesign.ca\/wp-content\/uploads\/2019\/11\/Decorer-avec-du-noire-06.jpg 850w, https:\/\/versastyledesign.ca\/wp-content\/uploads\/2019\/11\/Decorer-avec-du-noire-06-296x300.jpg 296w, https:\/\/versastyledesign.ca\/wp-content\/uploads\/2019\/11\/Decorer-avec-du-noire-06-768x778.jpg 768w\" sizes=\"auto, (max-width: 638px) 100vw, 638px\" \/><\/figure>\n<\/div>\n<\/div>\n\n\n\n<div style=\"height:50px\" aria-hidden=\"true\" class=\"wp-block-spacer\"><\/div>\n\n\n\n<h2 class=\"wp-block-heading\">Les salles de bain noir et blanc sont tr\u00e8s tendance<\/h2>\n\n\n\n<div class=\"wp-block-columns is-layout-flex wp-container-core-columns-is-layout-9d6595d7 wp-block-columns-is-layout-flex\">\n<div class=\"wp-block-column is-layout-flow wp-block-column-is-layout-flow\">\n<figure class=\"wp-block-image size-large is-resized\"><img loading=\"lazy\" decoding=\"async\" src=\"https:\/\/versastyledesign.ca\/wp-content\/uploads\/2019\/11\/Decorer-avec-du-noire-08.png\" alt=\"\" class=\"wp-image-14057\" width=\"425\" height=\"400\" srcset=\"https:\/\/versastyledesign.ca\/wp-content\/uploads\/2019\/11\/Decorer-avec-du-noire-08.png 850w, https:\/\/versastyledesign.ca\/wp-content\/uploads\/2019\/11\/Decorer-avec-du-noire-08-300x282.png 300w, https:\/\/versastyledesign.ca\/wp-content\/uploads\/2019\/11\/Decorer-avec-du-noire-08-768x723.png 768w\" sizes=\"auto, (max-width: 425px) 100vw, 425px\" \/><\/figure>\n<\/div>\n\n\n\n<div class=\"wp-block-column is-layout-flow wp-block-column-is-layout-flow\">\n<p> Le combo noir et blanc, c&rsquo;est le duo gagnant. Cette association de non couleur garantit modernit\u00e9 et raffinement sans fausse note. On associe un carrelage m\u00e9tro, urbain et l\u00e9g\u00e8rement r\u00e9tro \u00e0 des meubles \u00e9l\u00e9gants pour la touche design. Tous ont adopt\u00e9 une finition brillante, voire laqu\u00e9e, afin de refl\u00e9ter au maximum la lumi\u00e8re de cette petite salle de bain. Les autres murs et le sol doivent demeurer neutres pour ne pas surcharger la pi\u00e8ce.<\/p>\n\n\n\n<p><em>Miroir, carreaux, tableau et \u00e9clairage disponibles avec Versa Style Design <\/em><\/p>\n<\/div>\n<\/div>\n\n\n\n<div style=\"height:50px\" aria-hidden=\"true\" class=\"wp-block-spacer\"><\/div>\n\n\n\n<div class=\"wp-block-columns is-layout-flex wp-container-core-columns-is-layout-9d6595d7 wp-block-columns-is-layout-flex\">\n<div class=\"wp-block-column is-layout-flow wp-block-column-is-layout-flow\">\n<p>\nLe noir peut donc tout \u00e0 fait s&rsquo;utiliser dans un petit espace comme une salle de bain, \u00e0 condition de bien jouer avec la lumi\u00e8re. Voil\u00e0 pourquoi, on y conseille un rev\u00eatement plut\u00f4t brillant.\n\n\n\n<\/p>\n\n\n\n<p>Pour la touche d&rsquo;originalit\u00e9, misez sur une vasque et une baignoire noires et utilisez une couleur claire pour le reste de la pi\u00e8ce afin de contrebalancer.<\/p>\n<\/div>\n\n\n\n<div class=\"wp-block-column is-layout-flow wp-block-column-is-layout-flow\">\n<div class=\"wp-block-image\"><figure class=\"aligncenter size-medium\"><img loading=\"lazy\" decoding=\"async\" width=\"246\" height=\"300\" src=\"https:\/\/versastyledesign.ca\/wp-content\/uploads\/2019\/11\/Decorer-avec-du-noire-01-246x300.jpg\" alt=\"\" class=\"wp-image-14059\" srcset=\"https:\/\/versastyledesign.ca\/wp-content\/uploads\/2019\/11\/Decorer-avec-du-noire-01-246x300.jpg 246w, https:\/\/versastyledesign.ca\/wp-content\/uploads\/2019\/11\/Decorer-avec-du-noire-01-840x1024.jpg 840w, https:\/\/versastyledesign.ca\/wp-content\/uploads\/2019\/11\/Decorer-avec-du-noire-01-768x936.jpg 768w, https:\/\/versastyledesign.ca\/wp-content\/uploads\/2019\/11\/Decorer-avec-du-noire-01.jpg 850w\" sizes=\"auto, (max-width: 246px) 100vw, 246px\" \/><\/figure><\/div>\n<\/div>\n<\/div>\n\n\n\n<div style=\"height:50px\" aria-hidden=\"true\" class=\"wp-block-spacer\"><\/div>\n\n\n\n<h2 class=\"wp-block-heading\">Injecter un contraste <\/h2>\n\n\n\n<div class=\"wp-block-columns is-layout-flex wp-container-core-columns-is-layout-9d6595d7 wp-block-columns-is-layout-flex\">\n<div class=\"wp-block-column is-layout-flow wp-block-column-is-layout-flow\">\n<div class=\"wp-block-image\"><figure class=\"aligncenter size-full is-resized\"><img loading=\"lazy\" decoding=\"async\" src=\"https:\/\/versastyledesign.ca\/wp-content\/uploads\/2019\/11\/Decorer-avec-du-noire-09.jpg\" alt=\"\" class=\"wp-image-14061\" width=\"213\" height=\"319\" srcset=\"https:\/\/versastyledesign.ca\/wp-content\/uploads\/2019\/11\/Decorer-avec-du-noire-09.jpg 850w, https:\/\/versastyledesign.ca\/wp-content\/uploads\/2019\/11\/Decorer-avec-du-noire-09-200x300.jpg 200w, https:\/\/versastyledesign.ca\/wp-content\/uploads\/2019\/11\/Decorer-avec-du-noire-09-683x1024.jpg 683w, https:\/\/versastyledesign.ca\/wp-content\/uploads\/2019\/11\/Decorer-avec-du-noire-09-768x1152.jpg 768w\" sizes=\"auto, (max-width: 213px) 100vw, 213px\" \/><\/figure><\/div>\n<\/div>\n\n\n\n<div class=\"wp-block-column is-layout-flow wp-block-column-is-layout-flow\">\n<p>\nOptez pour des meubles aux couleurs vives ou p\u00e2les et des d\u00e9corations qui adoucissent l\u2019impact des murs noirs.\n\n\n\n<\/p>\n\n\n\n<p>Tr\u00e8s important de cr\u00e9er de l\u2019int\u00e9r\u00eat visuel soit par la couleur ou bien les motifs.<\/p>\n\n\n\n<p>Les rev\u00eatements sont id\u00e9als pour ceci, et il existe des options pour tous les go\u00fbts et budgets.<\/p>\n<\/div>\n<\/div>\n\n\n\n<div style=\"height:50px\" aria-hidden=\"true\" class=\"wp-block-spacer\"><\/div>\n\n\n\n<h2 class=\"wp-block-heading\">Opter pour des motifs ton sur ton <\/h2>\n\n\n\n<div class=\"wp-block-columns is-layout-flex wp-container-core-columns-is-layout-9d6595d7 wp-block-columns-is-layout-flex\">\n<div class=\"wp-block-column is-layout-flow wp-block-column-is-layout-flow\">\n<p> Une strat\u00e9gie que j\u2019aime employer pour ajouter de l\u2019int\u00e9r\u00eat visuel \u00e0 l\u2019espace c\u2019est celle du ton sur ton. Avoir un tissu ou rev\u00eatement mural qui produit un motif par sa r\u00e9flexion de la lumi\u00e8re est une fa\u00e7on subtile mais d\u00e9finitive d\u2019ajouter du style sans l\u2019ajout de beaucoup de couleurs. Nous voyons \u00e9galement l\u2019impact d\u2019une seule couleur contre un fond noir. Tout ressort encore plus! Tissus et papiers peints disponibles \u00e0 escompte avec Versa Style Design. <\/p>\n<\/div>\n\n\n\n<div class=\"wp-block-column is-layout-flow wp-block-column-is-layout-flow\">\n<figure class=\"wp-block-image size-large is-resized\"><img loading=\"lazy\" decoding=\"async\" src=\"https:\/\/versastyledesign.ca\/wp-content\/uploads\/2019\/07\/Decorer-avec-du-noire-01.jpg\" alt=\"\" class=\"wp-image-14067\" width=\"425\" height=\"419\" srcset=\"https:\/\/versastyledesign.ca\/wp-content\/uploads\/2019\/07\/Decorer-avec-du-noire-01.jpg 850w, https:\/\/versastyledesign.ca\/wp-content\/uploads\/2019\/07\/Decorer-avec-du-noire-01-300x295.jpg 300w, https:\/\/versastyledesign.ca\/wp-content\/uploads\/2019\/07\/Decorer-avec-du-noire-01-768x756.jpg 768w\" sizes=\"auto, (max-width: 425px) 100vw, 425px\" \/><\/figure>\n<\/div>\n<\/div>\n\n\n\n<div style=\"height:50px\" aria-hidden=\"true\" class=\"wp-block-spacer\"><\/div>\n\n\n\n<h2 class=\"wp-block-heading\">Peindre juste une partie du mur<\/h2>\n\n\n\n<div class=\"wp-block-columns is-layout-flex wp-container-core-columns-is-layout-9d6595d7 wp-block-columns-is-layout-flex\">\n<div class=\"wp-block-column is-layout-flow wp-block-column-is-layout-flow\">\n<div class=\"wp-block-image\"><figure class=\"aligncenter size-large is-resized\"><img loading=\"lazy\" decoding=\"async\" src=\"https:\/\/versastyledesign.ca\/wp-content\/uploads\/2019\/11\/Decorer-avec-du-noire-11-704x1024.jpg\" alt=\"\" class=\"wp-image-14065\" width=\"352\" height=\"512\" srcset=\"https:\/\/versastyledesign.ca\/wp-content\/uploads\/2019\/11\/Decorer-avec-du-noire-11-704x1024.jpg 704w, https:\/\/versastyledesign.ca\/wp-content\/uploads\/2019\/11\/Decorer-avec-du-noire-11-206x300.jpg 206w, https:\/\/versastyledesign.ca\/wp-content\/uploads\/2019\/11\/Decorer-avec-du-noire-11-768x1118.jpg 768w, https:\/\/versastyledesign.ca\/wp-content\/uploads\/2019\/11\/Decorer-avec-du-noire-11.jpg 850w\" sizes=\"auto, (max-width: 352px) 100vw, 352px\" \/><\/figure><\/div>\n<\/div>\n\n\n\n<div class=\"wp-block-column is-layout-flow wp-block-column-is-layout-flow\">\n<p>Voici une autre astuce d\u00e9co: celle de ne peindre qu&rsquo;une partie du mur, en laissant l&rsquo;autre blanche.<\/p>\n\n\n\n<p>Le noir est une couleur qui serait probablement insupportable si on l&rsquo;avait r\u00e9pandue sur la totalit\u00e9 des quatre murs mais qui prend tout son caract\u00e8re \u00e0 demi-dose. Il faut aussi imp\u00e9rativement une peinture mate, ni brillante ni satin\u00e9e, qui risquerait de refl\u00e9ter la lumi\u00e8re et de faire perdre l&rsquo;int\u00e9r\u00eat du noir. On trouve aujourd&rsquo;hui des peintures mates lavables, plus pratiques pour des pi\u00e8ces comme la cuisine. <\/p>\n<\/div>\n<\/div>\n\n\n\n<div style=\"height:50px\" aria-hidden=\"true\" class=\"wp-block-spacer\"><\/div>\n\n\n\n<div class=\"wp-block-columns is-layout-flex wp-container-core-columns-is-layout-9d6595d7 wp-block-columns-is-layout-flex\">\n<div class=\"wp-block-column is-layout-flow wp-block-column-is-layout-flow\">\n<p> Il est possible de cr\u00e9er une belle chambre d\u00e9licate avec du noir. Dans ce cas-ci, de Benjamin Moore, un gigantesque rectangle ainsi qu\u2019un meuble ont \u00e9t\u00e9 peints. En plus de jouer le r\u00f4le d\u2019une toile de fond qui contraste avec le blanc du lit, le noir sert d\u2019ancrage \u00e0 la pi\u00e8ce toute blanche. De petits d\u00e9calques muraux en forme de papillons apportent une touche toute personnelle au d\u00e9cor tout en cr\u00e9ant une transition f\u00e9minine et d\u00e9licate du blanc au noir. <\/p>\n<\/div>\n\n\n\n<div class=\"wp-block-column is-layout-flow wp-block-column-is-layout-flow\">\n<figure class=\"wp-block-image size-large is-resized\"><img loading=\"lazy\" decoding=\"async\" src=\"https:\/\/versastyledesign.ca\/wp-content\/uploads\/2019\/11\/Decorer-avec-du-noire-02.jpg\" alt=\"\" class=\"wp-image-14069\" width=\"425\" height=\"311\" srcset=\"https:\/\/versastyledesign.ca\/wp-content\/uploads\/2019\/11\/Decorer-avec-du-noire-02.jpg 850w, https:\/\/versastyledesign.ca\/wp-content\/uploads\/2019\/11\/Decorer-avec-du-noire-02-300x220.jpg 300w, https:\/\/versastyledesign.ca\/wp-content\/uploads\/2019\/11\/Decorer-avec-du-noire-02-768x562.jpg 768w\" sizes=\"auto, (max-width: 425px) 100vw, 425px\" \/><\/figure>\n<\/div>\n<\/div>\n\n\n\n<div style=\"height:50px\" aria-hidden=\"true\" class=\"wp-block-spacer\"><\/div>\n\n\n\n<p>Enfin, sachez qu\u2019il existe toute sorte de noir, comme il existe toute sorte de blanc. Vous pouvez \u00e9galement jouez sur les finitions de peinture, mates, laqu\u00e9es, satin\u00e9es, paillet\u00e9es &#8230; Bref \u00e0 vous de trouver le noir qui vous convient! <\/p>\n\n\n\n<div style=\"height:50px\" aria-hidden=\"true\" class=\"wp-block-spacer\"><\/div>\n\n\n\n<div class=\"wp-block-group\"><div class=\"wp-block-group__inner-container is-layout-flow wp-block-group-is-layout-flow\">\n<p><strong>Vous aimeriez adopter certaines de ces id\u00e9es dans votre demeure mais vous ne savez pas par o\u00f9 commencer?<\/strong><\/p>\n\n\n\n<p>Contactez-nous pour transformer votre demeure ou bureau selon votre style, votre budget et vos besoins sp\u00e9cifiques. En discutant de votre projet, nous serons en mesure de vous donner des informations pertinentes concernant nos services, le processus et notre tarification.<\/p>\n\n\n\n<p><a href=\"\/fr?page_id=6572\">Cliquez ici<\/a> pour nous contacter.<\/p>\n<\/div><\/div>\n\n\n\n<div style=\"height:50px\" aria-hidden=\"true\" class=\"wp-block-spacer\"><\/div>\n\n\n\n<div class=\"wp-block-button aligncenter\"><a class=\"wp-block-button__link has-background\" href=\"https:\/\/versastyledesign.ca\/fr\/design-interieur\/choisir-la-couleur-parfaite\/\" style=\"background-color:#d53652\">Choisir la couleur parfaite<\/a><\/div>\n","protected":false},"excerpt":{"rendered":"<p>Bien utilis\u00e9e et bien associ\u00e9e, cette couleur aux subtiles et nombreuses nuances sait \u00eatre \u00e0 la fois \u00e9l\u00e9gante, gaie, lumineuse, graphique et chic. Aujourd\u2019hui, peindre l\u2019un de ses murs en noir c\u2019est tendance. La couleur s\u2019adapte parfaitement \u00e0 toutes les pi\u00e8ces de la maison ainsi qu\u2019aux murs ext\u00e9rieurs, on ose m\u00eame la placer dans la [&hellip;]<\/p>\n","protected":false},"author":2,"featured_media":14105,"comment_status":"closed","ping_status":"open","sticky":false,"template":"","format":"standard","meta":{"advgb_blocks_editor_width":"","advgb_blocks_columns_visual_guide":"","_genesis_hide_title":false,"_genesis_hide_breadcrumbs":false,"_genesis_hide_singular_image":false,"_genesis_hide_footer_widgets":false,"_genesis_custom_body_class":"","_genesis_custom_post_class":"","_genesis_layout":"content-sidebar","footnotes":""},"categories":[19],"tags":[],"class_list":{"0":"post-100","1":"post","2":"type-post","3":"status-publish","4":"format-standard","5":"has-post-thumbnail","7":"category-decorer-avec-des-couleurs","8":"entry"},"yoast_head":"<!-- This site is optimized with the Yoast SEO plugin v27.5 - https:\/\/yoast.com\/product\/yoast-seo-wordpress\/ -->\n<title>D\u00e9corer avec du noir - Versa Style Design<\/title>\n<meta name=\"description\" content=\"Bien utilis\u00e9e et bien associ\u00e9e, cette couleur aux subtiles et nombreuses nuances sait \u00eatre \u00e0 la fois \u00e9l\u00e9gante, gaie, lumineuse, graphique et chic.\" \/>\n<meta name=\"robots\" content=\"index, follow, max-snippet:-1, max-image-preview:large, max-video-preview:-1\" \/>\n<link rel=\"canonical\" href=\"https:\/\/versastyledesign.ca\/fr\/mur-noir-peinture-noir\/\" \/>\n<meta property=\"og:locale\" content=\"fr_CA\" \/>\n<meta property=\"og:type\" content=\"article\" \/>\n<meta property=\"og:title\" content=\"D\u00e9corer avec du noir - Versa Style Design\" \/>\n<meta property=\"og:description\" content=\"Bien utilis\u00e9e et bien associ\u00e9e, cette couleur aux subtiles et nombreuses nuances sait \u00eatre \u00e0 la fois \u00e9l\u00e9gante, gaie, lumineuse, graphique et chic.\" \/>\n<meta property=\"og:url\" content=\"https:\/\/versastyledesign.ca\/fr\/mur-noir-peinture-noir\/\" \/>\n<meta property=\"og:site_name\" content=\"Versa Style Design\" \/>\n<meta property=\"article:publisher\" content=\"https:\/\/www.facebook.com\/Versastyledesign?ref=hl\" \/>\n<meta property=\"article:published_time\" content=\"2019-07-10T07:40:00+00:00\" \/>\n<meta property=\"article:modified_time\" content=\"2019-12-23T12:33:27+00:00\" \/>\n<meta property=\"og:image\" content=\"https:\/\/new.versastyledesign.ca\/wp-content\/uploads\/2019\/07\/Decorer-avec-du-noire-03.jpg\" \/>\n\t<meta property=\"og:image:width\" content=\"850\" \/>\n\t<meta property=\"og:image:height\" content=\"1276\" \/>\n\t<meta property=\"og:image:type\" content=\"image\/jpeg\" \/>\n<meta name=\"author\" content=\"Lucie Pitt\" \/>\n<meta name=\"twitter:label1\" content=\"\u00c9crit par\" \/>\n\t<meta name=\"twitter:data1\" content=\"Lucie Pitt\" \/>\n\t<meta name=\"twitter:label2\" content=\"Estimation du temps de lecture\" \/>\n\t<meta name=\"twitter:data2\" content=\"6 minutes\" \/>\n<script type=\"application\/ld+json\" class=\"yoast-schema-graph\">{\"@context\":\"https:\\\/\\\/schema.org\",\"@graph\":[{\"@type\":\"Article\",\"@id\":\"https:\\\/\\\/versastyledesign.ca\\\/fr\\\/mur-noir-peinture-noir\\\/#article\",\"isPartOf\":{\"@id\":\"https:\\\/\\\/versastyledesign.ca\\\/fr\\\/mur-noir-peinture-noir\\\/\"},\"author\":{\"name\":\"Lucie Pitt\",\"@id\":\"http:\\\/\\\/new.versastyledesign.ca\\\/fr\\\/#\\\/schema\\\/person\\\/134033176cd95f248ab6c222d81f81fe\"},\"headline\":\"D\u00e9corer avec du noir\",\"datePublished\":\"2019-07-10T07:40:00+00:00\",\"dateModified\":\"2019-12-23T12:33:27+00:00\",\"mainEntityOfPage\":{\"@id\":\"https:\\\/\\\/versastyledesign.ca\\\/fr\\\/mur-noir-peinture-noir\\\/\"},\"wordCount\":1192,\"publisher\":{\"@id\":\"http:\\\/\\\/new.versastyledesign.ca\\\/fr\\\/#organization\"},\"image\":{\"@id\":\"https:\\\/\\\/versastyledesign.ca\\\/fr\\\/mur-noir-peinture-noir\\\/#primaryimage\"},\"thumbnailUrl\":\"https:\\\/\\\/versastyledesign.ca\\\/wp-content\\\/uploads\\\/2019\\\/07\\\/Decorer-avec-du-noire-03.jpg\",\"articleSection\":[\"D\u00e9corer avec des couleurs\"],\"inLanguage\":\"fr-CA\"},{\"@type\":\"WebPage\",\"@id\":\"https:\\\/\\\/versastyledesign.ca\\\/fr\\\/mur-noir-peinture-noir\\\/\",\"url\":\"https:\\\/\\\/versastyledesign.ca\\\/fr\\\/mur-noir-peinture-noir\\\/\",\"name\":\"D\u00e9corer avec du noir - Versa Style Design\",\"isPartOf\":{\"@id\":\"http:\\\/\\\/new.versastyledesign.ca\\\/fr\\\/#website\"},\"primaryImageOfPage\":{\"@id\":\"https:\\\/\\\/versastyledesign.ca\\\/fr\\\/mur-noir-peinture-noir\\\/#primaryimage\"},\"image\":{\"@id\":\"https:\\\/\\\/versastyledesign.ca\\\/fr\\\/mur-noir-peinture-noir\\\/#primaryimage\"},\"thumbnailUrl\":\"https:\\\/\\\/versastyledesign.ca\\\/wp-content\\\/uploads\\\/2019\\\/07\\\/Decorer-avec-du-noire-03.jpg\",\"datePublished\":\"2019-07-10T07:40:00+00:00\",\"dateModified\":\"2019-12-23T12:33:27+00:00\",\"description\":\"Bien utilis\u00e9e et bien associ\u00e9e, cette couleur aux subtiles et nombreuses nuances sait \u00eatre \u00e0 la fois \u00e9l\u00e9gante, gaie, lumineuse, graphique et chic.\",\"breadcrumb\":{\"@id\":\"https:\\\/\\\/versastyledesign.ca\\\/fr\\\/mur-noir-peinture-noir\\\/#breadcrumb\"},\"inLanguage\":\"fr-CA\",\"potentialAction\":[{\"@type\":\"ReadAction\",\"target\":[\"https:\\\/\\\/versastyledesign.ca\\\/fr\\\/mur-noir-peinture-noir\\\/\"]}]},{\"@type\":\"ImageObject\",\"inLanguage\":\"fr-CA\",\"@id\":\"https:\\\/\\\/versastyledesign.ca\\\/fr\\\/mur-noir-peinture-noir\\\/#primaryimage\",\"url\":\"https:\\\/\\\/versastyledesign.ca\\\/wp-content\\\/uploads\\\/2019\\\/07\\\/Decorer-avec-du-noire-03.jpg\",\"contentUrl\":\"https:\\\/\\\/versastyledesign.ca\\\/wp-content\\\/uploads\\\/2019\\\/07\\\/Decorer-avec-du-noire-03.jpg\",\"width\":850,\"height\":1276},{\"@type\":\"BreadcrumbList\",\"@id\":\"https:\\\/\\\/versastyledesign.ca\\\/fr\\\/mur-noir-peinture-noir\\\/#breadcrumb\",\"itemListElement\":[{\"@type\":\"ListItem\",\"position\":1,\"name\":\"Accueil\",\"item\":\"http:\\\/\\\/new.versastyledesign.ca\\\/fr\\\/\"},{\"@type\":\"ListItem\",\"position\":2,\"name\":\"D\u00e9corer avec du noir\"}]},{\"@type\":\"WebSite\",\"@id\":\"http:\\\/\\\/new.versastyledesign.ca\\\/fr\\\/#website\",\"url\":\"http:\\\/\\\/new.versastyledesign.ca\\\/fr\\\/\",\"name\":\"Versa Style Design\",\"description\":\"Design d&#039;int\u00e9rieur et r\u00e9novations \u00e0 Montr\u00e9al\",\"publisher\":{\"@id\":\"http:\\\/\\\/new.versastyledesign.ca\\\/fr\\\/#organization\"},\"potentialAction\":[{\"@type\":\"SearchAction\",\"target\":{\"@type\":\"EntryPoint\",\"urlTemplate\":\"http:\\\/\\\/new.versastyledesign.ca\\\/fr\\\/?s={search_term_string}\"},\"query-input\":{\"@type\":\"PropertyValueSpecification\",\"valueRequired\":true,\"valueName\":\"search_term_string\"}}],\"inLanguage\":\"fr-CA\"},{\"@type\":\"Organization\",\"@id\":\"http:\\\/\\\/new.versastyledesign.ca\\\/fr\\\/#organization\",\"name\":\"Versa Style Design\",\"url\":\"http:\\\/\\\/new.versastyledesign.ca\\\/fr\\\/\",\"logo\":{\"@type\":\"ImageObject\",\"inLanguage\":\"fr-CA\",\"@id\":\"http:\\\/\\\/new.versastyledesign.ca\\\/fr\\\/#\\\/schema\\\/logo\\\/image\\\/\",\"url\":\"https:\\\/\\\/versastyledesign.ca\\\/wp-content\\\/uploads\\\/2019\\\/11\\\/Versa-Style-Design-logo.jpg\",\"contentUrl\":\"https:\\\/\\\/versastyledesign.ca\\\/wp-content\\\/uploads\\\/2019\\\/11\\\/Versa-Style-Design-logo.jpg\",\"width\":2099,\"height\":670,\"caption\":\"Versa Style Design\"},\"image\":{\"@id\":\"http:\\\/\\\/new.versastyledesign.ca\\\/fr\\\/#\\\/schema\\\/logo\\\/image\\\/\"},\"sameAs\":[\"https:\\\/\\\/www.facebook.com\\\/Versastyledesign?ref=hl\",\"https:\\\/\\\/x.com\\\/luciepitt\",\"https:\\\/\\\/www.instagram.com\\\/versastyledesign\\\/\",\"https:\\\/\\\/www.linkedin.com\\\/in\\\/lucie-pitt-54b0ba85\",\"https:\\\/\\\/www.pinterest.com\\\/versastyledesign\\\/\"]},{\"@type\":\"Person\",\"@id\":\"http:\\\/\\\/new.versastyledesign.ca\\\/fr\\\/#\\\/schema\\\/person\\\/134033176cd95f248ab6c222d81f81fe\",\"name\":\"Lucie Pitt\",\"image\":{\"@type\":\"ImageObject\",\"inLanguage\":\"fr-CA\",\"@id\":\"https:\\\/\\\/secure.gravatar.com\\\/avatar\\\/6187d560e9aae6ba94395fde4306790251fff0ffbbb7b65cc5cc5db43fd41300?s=96&d=mm&r=g\",\"url\":\"https:\\\/\\\/secure.gravatar.com\\\/avatar\\\/6187d560e9aae6ba94395fde4306790251fff0ffbbb7b65cc5cc5db43fd41300?s=96&d=mm&r=g\",\"contentUrl\":\"https:\\\/\\\/secure.gravatar.com\\\/avatar\\\/6187d560e9aae6ba94395fde4306790251fff0ffbbb7b65cc5cc5db43fd41300?s=96&d=mm&r=g\",\"caption\":\"Lucie Pitt\"},\"url\":\"https:\\\/\\\/versastyledesign.ca\\\/fr\\\/author\\\/lucie-pitt\\\/\"}]}<\/script>\n<!-- \/ Yoast SEO plugin. -->","yoast_head_json":{"title":"D\u00e9corer avec du noir - Versa Style Design","description":"Bien utilis\u00e9e et bien associ\u00e9e, cette couleur aux subtiles et nombreuses nuances sait \u00eatre \u00e0 la fois \u00e9l\u00e9gante, gaie, lumineuse, graphique et chic.","robots":{"index":"index","follow":"follow","max-snippet":"max-snippet:-1","max-image-preview":"max-image-preview:large","max-video-preview":"max-video-preview:-1"},"canonical":"https:\/\/versastyledesign.ca\/fr\/mur-noir-peinture-noir\/","og_locale":"fr_CA","og_type":"article","og_title":"D\u00e9corer avec du noir - Versa Style Design","og_description":"Bien utilis\u00e9e et bien associ\u00e9e, cette couleur aux subtiles et nombreuses nuances sait \u00eatre \u00e0 la fois \u00e9l\u00e9gante, gaie, lumineuse, graphique et chic.","og_url":"https:\/\/versastyledesign.ca\/fr\/mur-noir-peinture-noir\/","og_site_name":"Versa Style Design","article_publisher":"https:\/\/www.facebook.com\/Versastyledesign?ref=hl","article_published_time":"2019-07-10T07:40:00+00:00","article_modified_time":"2019-12-23T12:33:27+00:00","og_image":[{"width":850,"height":1276,"url":"https:\/\/new.versastyledesign.ca\/wp-content\/uploads\/2019\/07\/Decorer-avec-du-noire-03.jpg","type":"image\/jpeg"}],"author":"Lucie Pitt","twitter_misc":{"\u00c9crit par":"Lucie Pitt","Estimation du temps de lecture":"6 minutes"},"schema":{"@context":"https:\/\/schema.org","@graph":[{"@type":"Article","@id":"https:\/\/versastyledesign.ca\/fr\/mur-noir-peinture-noir\/#article","isPartOf":{"@id":"https:\/\/versastyledesign.ca\/fr\/mur-noir-peinture-noir\/"},"author":{"name":"Lucie Pitt","@id":"http:\/\/new.versastyledesign.ca\/fr\/#\/schema\/person\/134033176cd95f248ab6c222d81f81fe"},"headline":"D\u00e9corer avec du noir","datePublished":"2019-07-10T07:40:00+00:00","dateModified":"2019-12-23T12:33:27+00:00","mainEntityOfPage":{"@id":"https:\/\/versastyledesign.ca\/fr\/mur-noir-peinture-noir\/"},"wordCount":1192,"publisher":{"@id":"http:\/\/new.versastyledesign.ca\/fr\/#organization"},"image":{"@id":"https:\/\/versastyledesign.ca\/fr\/mur-noir-peinture-noir\/#primaryimage"},"thumbnailUrl":"https:\/\/versastyledesign.ca\/wp-content\/uploads\/2019\/07\/Decorer-avec-du-noire-03.jpg","articleSection":["D\u00e9corer avec des couleurs"],"inLanguage":"fr-CA"},{"@type":"WebPage","@id":"https:\/\/versastyledesign.ca\/fr\/mur-noir-peinture-noir\/","url":"https:\/\/versastyledesign.ca\/fr\/mur-noir-peinture-noir\/","name":"D\u00e9corer avec du noir - Versa Style Design","isPartOf":{"@id":"http:\/\/new.versastyledesign.ca\/fr\/#website"},"primaryImageOfPage":{"@id":"https:\/\/versastyledesign.ca\/fr\/mur-noir-peinture-noir\/#primaryimage"},"image":{"@id":"https:\/\/versastyledesign.ca\/fr\/mur-noir-peinture-noir\/#primaryimage"},"thumbnailUrl":"https:\/\/versastyledesign.ca\/wp-content\/uploads\/2019\/07\/Decorer-avec-du-noire-03.jpg","datePublished":"2019-07-10T07:40:00+00:00","dateModified":"2019-12-23T12:33:27+00:00","description":"Bien utilis\u00e9e et bien associ\u00e9e, cette couleur aux subtiles et nombreuses nuances sait \u00eatre \u00e0 la fois \u00e9l\u00e9gante, gaie, lumineuse, graphique et chic.","breadcrumb":{"@id":"https:\/\/versastyledesign.ca\/fr\/mur-noir-peinture-noir\/#breadcrumb"},"inLanguage":"fr-CA","potentialAction":[{"@type":"ReadAction","target":["https:\/\/versastyledesign.ca\/fr\/mur-noir-peinture-noir\/"]}]},{"@type":"ImageObject","inLanguage":"fr-CA","@id":"https:\/\/versastyledesign.ca\/fr\/mur-noir-peinture-noir\/#primaryimage","url":"https:\/\/versastyledesign.ca\/wp-content\/uploads\/2019\/07\/Decorer-avec-du-noire-03.jpg","contentUrl":"https:\/\/versastyledesign.ca\/wp-content\/uploads\/2019\/07\/Decorer-avec-du-noire-03.jpg","width":850,"height":1276},{"@type":"BreadcrumbList","@id":"https:\/\/versastyledesign.ca\/fr\/mur-noir-peinture-noir\/#breadcrumb","itemListElement":[{"@type":"ListItem","position":1,"name":"Accueil","item":"http:\/\/new.versastyledesign.ca\/fr\/"},{"@type":"ListItem","position":2,"name":"D\u00e9corer avec du noir"}]},{"@type":"WebSite","@id":"http:\/\/new.versastyledesign.ca\/fr\/#website","url":"http:\/\/new.versastyledesign.ca\/fr\/","name":"Versa Style Design","description":"Design d&#039;int\u00e9rieur et r\u00e9novations \u00e0 Montr\u00e9al","publisher":{"@id":"http:\/\/new.versastyledesign.ca\/fr\/#organization"},"potentialAction":[{"@type":"SearchAction","target":{"@type":"EntryPoint","urlTemplate":"http:\/\/new.versastyledesign.ca\/fr\/?s={search_term_string}"},"query-input":{"@type":"PropertyValueSpecification","valueRequired":true,"valueName":"search_term_string"}}],"inLanguage":"fr-CA"},{"@type":"Organization","@id":"http:\/\/new.versastyledesign.ca\/fr\/#organization","name":"Versa Style Design","url":"http:\/\/new.versastyledesign.ca\/fr\/","logo":{"@type":"ImageObject","inLanguage":"fr-CA","@id":"http:\/\/new.versastyledesign.ca\/fr\/#\/schema\/logo\/image\/","url":"https:\/\/versastyledesign.ca\/wp-content\/uploads\/2019\/11\/Versa-Style-Design-logo.jpg","contentUrl":"https:\/\/versastyledesign.ca\/wp-content\/uploads\/2019\/11\/Versa-Style-Design-logo.jpg","width":2099,"height":670,"caption":"Versa Style Design"},"image":{"@id":"http:\/\/new.versastyledesign.ca\/fr\/#\/schema\/logo\/image\/"},"sameAs":["https:\/\/www.facebook.com\/Versastyledesign?ref=hl","https:\/\/x.com\/luciepitt","https:\/\/www.instagram.com\/versastyledesign\/","https:\/\/www.linkedin.com\/in\/lucie-pitt-54b0ba85","https:\/\/www.pinterest.com\/versastyledesign\/"]},{"@type":"Person","@id":"http:\/\/new.versastyledesign.ca\/fr\/#\/schema\/person\/134033176cd95f248ab6c222d81f81fe","name":"Lucie Pitt","image":{"@type":"ImageObject","inLanguage":"fr-CA","@id":"https:\/\/secure.gravatar.com\/avatar\/6187d560e9aae6ba94395fde4306790251fff0ffbbb7b65cc5cc5db43fd41300?s=96&d=mm&r=g","url":"https:\/\/secure.gravatar.com\/avatar\/6187d560e9aae6ba94395fde4306790251fff0ffbbb7b65cc5cc5db43fd41300?s=96&d=mm&r=g","contentUrl":"https:\/\/secure.gravatar.com\/avatar\/6187d560e9aae6ba94395fde4306790251fff0ffbbb7b65cc5cc5db43fd41300?s=96&d=mm&r=g","caption":"Lucie Pitt"},"url":"https:\/\/versastyledesign.ca\/fr\/author\/lucie-pitt\/"}]}},"author_meta":{"display_name":"Lucie Pitt","author_link":"https:\/\/versastyledesign.ca\/fr\/author\/lucie-pitt\/"},"featured_img":"https:\/\/versastyledesign.ca\/wp-content\/uploads\/2019\/07\/Decorer-avec-du-noire-03-200x300.jpg","coauthors":[],"tax_additional":{"categories":{"linked":["<a href=\"https:\/\/versastyledesign.ca\/fr\/category\/decorer-avec-des-couleurs\/\" class=\"advgb-post-tax-term\">D\u00e9corer avec des couleurs<\/a>"],"unlinked":["<span class=\"advgb-post-tax-term\">D\u00e9corer avec des couleurs<\/span>"]}},"comment_count":"0","relative_dates":{"created":"Posted 7 ann\u00e9es ago","modified":"Updated 6 ann\u00e9es ago"},"absolute_dates":{"created":"Posted on 10 juillet 2019","modified":"Updated on 23 D\u00e9cembre 2019"},"absolute_dates_time":{"created":"Posted on 10 juillet 2019 7 h 40 min","modified":"Updated on 23 D\u00e9cembre 2019 12 h 33 min"},"featured_img_caption":"","series_order":"","_links":{"self":[{"href":"https:\/\/versastyledesign.ca\/fr\/wp-json\/wp\/v2\/posts\/100","targetHints":{"allow":["GET"]}}],"collection":[{"href":"https:\/\/versastyledesign.ca\/fr\/wp-json\/wp\/v2\/posts"}],"about":[{"href":"https:\/\/versastyledesign.ca\/fr\/wp-json\/wp\/v2\/types\/post"}],"author":[{"embeddable":true,"href":"https:\/\/versastyledesign.ca\/fr\/wp-json\/wp\/v2\/users\/2"}],"replies":[{"embeddable":true,"href":"https:\/\/versastyledesign.ca\/fr\/wp-json\/wp\/v2\/comments?post=100"}],"version-history":[{"count":5,"href":"https:\/\/versastyledesign.ca\/fr\/wp-json\/wp\/v2\/posts\/100\/revisions"}],"predecessor-version":[{"id":14108,"href":"https:\/\/versastyledesign.ca\/fr\/wp-json\/wp\/v2\/posts\/100\/revisions\/14108"}],"wp:featuredmedia":[{"embeddable":true,"href":"https:\/\/versastyledesign.ca\/fr\/wp-json\/wp\/v2\/media\/14105"}],"wp:attachment":[{"href":"https:\/\/versastyledesign.ca\/fr\/wp-json\/wp\/v2\/media?parent=100"}],"wp:term":[{"taxonomy":"category","embeddable":true,"href":"https:\/\/versastyledesign.ca\/fr\/wp-json\/wp\/v2\/categories?post=100"},{"taxonomy":"post_tag","embeddable":true,"href":"https:\/\/versastyledesign.ca\/fr\/wp-json\/wp\/v2\/tags?post=100"}],"curies":[{"name":"wp","href":"https:\/\/api.w.org\/{rel}","templated":true}]}}